{"id":549,"date":"2023-08-30T15:24:15","date_gmt":"2023-08-30T15:24:15","guid":{"rendered":"https:\/\/www.icasarg.com\/pub\/?p=549"},"modified":"2023-08-30T15:24:15","modified_gmt":"2023-08-30T15:24:15","slug":"incrementar-la-vitalidad-para-mejorar-el-desempeno-energia-fisica","status":"publish","type":"post","link":"https:\/\/www.icasarg.com\/pub\/incrementar-la-vitalidad-para-mejorar-el-desempeno-energia-fisica\/","title":{"rendered":"Incrementar la vitalidad para mejorar el desempe\u00f1o.  ENERG\u00cdA F\u00cdSICA"},"content":{"rendered":"<p class=\"cvGsUA direction-ltr align-center para-style-body\"><span class=\"OYPEnA text-decoration-none text-strikethrough-none\">En el \u00e1mbito corporativo debemos resolver situaciones a diario, poner en juego todas nuestras capacidades y dar lo mejor de nosotros con cuerpo y alma. La mayor\u00eda de los empleados responde a las crecientes exigencias trabajando m\u00e1s horas arriesgando su bienestar f\u00edsico y mental. Y la peor noticia es que m\u00e1s horas de trabajo no nos aseguran el \u00e9xito.<\/span><\/p>\n<p><strong><span class=\"OYPEnA text-decoration-none text-strikethrough-none\">La clave est\u00e1 en el manejo de nuestra energ\u00eda.<\/span><\/strong><\/p>\n<p class=\"cvGsUA direction-ltr align-start para-style-body\"><span class=\"OYPEnA text-decoration-none text-strikethrough-none\">ENERG\u00cdA F\u00cdSICA<\/span><\/p>\n<p class=\"cvGsUA direction-ltr align-start para-style-body\">\n<p class=\"cvGsUA direction-ltr align-start para-style-body\"><span class=\"OYPEnA text-decoration-none text-strikethrough-none\">La energ\u00eda en el ser humano proviene de distintas \u00e1reas: cuerpo; emociones; mente; esp\u00edritu. En cada una de estas \u00e1reas y a lo largo del d\u00eda, la energ\u00eda se puede acrecentar con distintas actividades. Por otro lado, es importante evitar en cada una de ellas el drenaje innecesario de la energ\u00eda que vamos acumulando. Piensen c\u00f3mo funcionan las bater\u00edas de las computadoras. Est\u00e1n pensadas para rendir la cantidad de horas que usted est\u00e1 despierto. Y tienen un modo \u201cahorro de energ\u00eda\u201d para guardar capacidad en caso de necesidad adicional. Lo mismo pasa con nuestras \u00e1reas energ\u00e9ticas. Hay que \u201cenchufarlas\u201d y ponerlas en \u201cmodo ahorro\u201d cuando no se necesitan.<\/span><\/p>\n<p class=\"cvGsUA direction-ltr align-start para-style-body\">\n<p class=\"cvGsUA direction-ltr align-start para-style-body\"><span class=\"OYPEnA text-decoration-none text-strikethrough-none\">Es habitual que las empresas inviertan recursos en desarrollar las habilidades y competencias de sus empleados. Sin embargo, son pocas las que se detienen sobre las cualidades de sus trabajadores en relaci\u00f3n al manejo de su energ\u00eda. En esto son m\u00e1s reactivas que proactivas.<strong> Si un empleado manifiesta \u201cno poder m\u00e1s\u201d con una situaci\u00f3n, all\u00ed se act\u00faa. Pero como con la sed, cuando se manifiesta la necesidad es porque ya hubo una carencia a la que se agreg\u00f3 un perjuicio.<\/strong><\/span><\/p>\n<p class=\"cvGsUA direction-ltr align-start para-style-body\">\n<p class=\"cvGsUA direction-ltr align-start para-style-body\"><span class=\"OYPEnA text-decoration-none text-strikethrough-none\">Para dar un ejemplo sobre una de las dimensiones de las cuatro energ\u00edas principales, la energ\u00eda f\u00edsica relacionada al cuerpo, recordemos que al ser entidades biol\u00f3gicas debemos prestar atenci\u00f3n a tres cosas b\u00e1sicas: la nutrici\u00f3n, la actividad f\u00edsica y el descanso. Tomar conciencia sobre estas tres dimensiones y saber realmente c\u00f3mo estamos nos va a dar una base importante para anclar el resto de las dimensiones. Sobre cada una de estas \u00e1reas hay que ocuparse a diario y comprender que somos una maquinaria dise\u00f1ada para funcionar perfectamente. Comer respetando nuestras necesidades y el \u00edndice gluc\u00e9mico de los alimentos, moverse manteniendo una rutina que fortalezca nuestros m\u00fasculos y nos mejore la circulaci\u00f3n\/oxigenaci\u00f3n y descansar respetando nuestro ritmo circadiano. Pareciera que la vida para buena parte de la sociedad est\u00e1 en la vereda opuesta a esto.<\/span><\/p>\n<p class=\"cvGsUA direction-ltr align-start para-style-body\">\n<p class=\"cvGsUA direction-ltr align-start para-style-body\"><span class=\"OYPEnA text-decoration-none text-strikethrough-none\">Si se preguntan c\u00f3mo hace Messi para despu\u00e9s de 20 a\u00f1os de trayectoria jugar 90 minutos y despu\u00e9s dar una nota de televisi\u00f3n, piensen en sus rutinas. All\u00ed est\u00e1 la base de todo. Podr\u00e1n opinar sobre su gen\u00e9tica, sobre la cantidad de ayudantes que tiene, sobre la plata que gana\u2026a todo podr\u00eda decirles que s\u00ed, que tienen raz\u00f3n. Pero tambi\u00e9n tengo para comunicarles que cualquier gen\u00e9tica adversa se puede revertir y que tenemos las herramientas necesarias para ayudarlos en su proceso de mejora de calidad de vida. Vamos que estamos hablando de mejorar el desempe\u00f1o\u2026tampoco se trata de ser Messi!<\/span><\/p>\n<p class=\"cvGsUA direction-ltr align-start para-style-body\"><em><span class=\"OYPEnA text-decoration-none text-strikethrough-none\">Dr. Javier Blois<\/span><\/em><\/p>\n<p class=\"cvGsUA direction-ltr align-start para-style-body\"><em><span class=\"OYPEnA text-decoration-none text-strikethrough-none\">Mgtr. en Gesti\u00f3n de Salud \/ Esp. Jerarquizado en Salud Ocupacional y Bienestar Organizacional<\/span><\/em><\/p>\n","protected":false},"excerpt":{"rendered":"<p>En el \u00e1mbito corporativo debemos resolver situaciones a diario, poner en juego todas nuestras capacidades y dar lo mejor de nosotros con cuerpo y alma. La mayor\u00eda de los empleados responde a las crecientes exigencias trabajando m\u00e1s horas arriesgando su bienestar f\u00edsico y mental. Y la peor noticia es que m\u00e1s horas de trabajo no [&hellip;]<\/p>\n","protected":false},"author":6,"featured_media":375,"comment_status":"open","ping_status":"open","sticky":false,"template":"","format":"standard","meta":{"_joinchat":[]},"categories":[1],"tags":[],"_links":{"self":[{"href":"https:\/\/www.icasarg.com\/pub\/wp-json\/wp\/v2\/posts\/549"}],"collection":[{"href":"https:\/\/www.icasarg.com\/pub\/wp-json\/wp\/v2\/posts"}],"about":[{"href":"https:\/\/www.icasarg.com\/pub\/wp-json\/wp\/v2\/types\/post"}],"author":[{"embeddable":true,"href":"https:\/\/www.icasarg.com\/pub\/wp-json\/wp\/v2\/users\/6"}],"replies":[{"embeddable":true,"href":"https:\/\/www.icasarg.com\/pub\/wp-json\/wp\/v2\/comments?post=549"}],"version-history":[{"count":1,"href":"https:\/\/www.icasarg.com\/pub\/wp-json\/wp\/v2\/posts\/549\/revisions"}],"predecessor-version":[{"id":550,"href":"https:\/\/www.icasarg.com\/pub\/wp-json\/wp\/v2\/posts\/549\/revisions\/550"}],"wp:featuredmedia":[{"embeddable":true,"href":"https:\/\/www.icasarg.com\/pub\/wp-json\/wp\/v2\/media\/375"}],"wp:attachment":[{"href":"https:\/\/www.icasarg.com\/pub\/wp-json\/wp\/v2\/media?parent=549"}],"wp:term":[{"taxonomy":"category","embeddable":true,"href":"https:\/\/www.icasarg.com\/pub\/wp-json\/wp\/v2\/categories?post=549"},{"taxonomy":"post_tag","embeddable":true,"href":"https:\/\/www.icasarg.com\/pub\/wp-json\/wp\/v2\/tags?post=549"}],"curies":[{"name":"wp","href":"https:\/\/api.w.org\/{rel}","templated":true}]}}